{"id":86396,"date":"2025-11-17T14:34:39","date_gmt":"2025-11-17T14:34:39","guid":{"rendered":"https:\/\/amel-paulukat.com\/?p=86396"},"modified":"2025-11-17T14:34:39","modified_gmt":"2025-11-17T14:34:39","slug":"wenn-der-koerper-erinnert-trauma-zwischen-psyche-und-koerper-verstehen","status":"publish","type":"post","link":"https:\/\/amel-paulukat.com\/en\/wenn-der-koerper-erinnert-trauma-zwischen-psyche-und-koerper-verstehen\/","title":{"rendered":"Wenn der K\u00f6rper erinnert \u2013 Trauma zwischen Psyche und K\u00f6rper verstehen"},"content":{"rendered":"<p>Traumatische Erfahrungen hinterlassen Spuren \u2013 nicht nur in der Seele, sondern auch im K\u00f6rper.<br \/>\nSelbst wenn das Ereignis l\u00e4ngst vergangen ist, tragen viele Betroffene die Folgen weiter mit sich: Verspannungen, chronische Schmerzen, Schlaflosigkeit, \u00c4ngste oder das Gef\u00fchl, \u201enie richtig im K\u00f6rper anzukommen\u201c.<\/p>\n<p>Der renommierte Psychiater Dr. Bessel van der Kolk, Autor des Bestsellers \u201eThe Body Keeps the Score\u201c (deutsch: \u201eVerk\u00f6rperter Schrecken\u201c), beschreibt es so:<\/p>\n<p>\u201eDas Trauma wird nicht erinnert, es wird wiedererlebt \u2013 im K\u00f6rper, in den Muskeln, in den Nerven, im Herzen.\u201c<\/p>\n<p>Sein zentraler Gedanke: Trauma ist keine Erinnerung, sondern ein Zustand, der im K\u00f6rper gespeichert ist.<\/p>\n<p><strong>Was passiert bei einem Trauma im K\u00f6rper?<\/strong><\/p>\n<p>Ein Trauma entsteht, wenn ein Mensch eine Situation erlebt, die sein inneres Sicherheitssystem \u00fcberfordert \u2013 etwa durch Gewalt, Verlust, Missbrauch oder eine lebensbedrohliche Erfahrung.<br \/>\nIn diesem Moment \u00fcbernimmt das autonome Nervensystem die Kontrolle. Es aktiviert uralte Schutzmechanismen: Kampf, Flucht oder Erstarrung.<\/p>\n<p>Wenn dieser Zustand nicht aufgel\u00f6st werden kann, bleibt der K\u00f6rper in einer Art Dauer-Alarmbereitschaft.<br \/>\nDas Nervensystem reagiert dann \u00fcberempfindlich auf Reize \u2013 Betroffene f\u00fchlen sich st\u00e4ndig angespannt, ersch\u00f6pft oder innerlich abgeschnitten.<\/p>\n<p><strong>Langfristig kann diese Dysregulation auch k\u00f6rperliche Folgen haben:<\/strong><\/p>\n<ul>\n<li>chronische Entz\u00fcndungen<\/li>\n<li>Autoimmunerkrankungen (z. B. Rheuma, Hashimoto)<\/li>\n<li>Fibromyalgie oder chronische Schmerzen<\/li>\n<li>Schlafst\u00f6rungen und Ersch\u00f6pfungssyndrome<\/li>\n<\/ul>\n<p>Neurowissenschaftliche Studien zeigen, dass bei traumatisierten Menschen die Aktivit\u00e4t in Bereichen des Gehirns, die f\u00fcr Selbstwahrnehmung und Regulation zust\u00e4ndig sind (z. B. pr\u00e4frontaler Cortex), ver\u00e4ndert ist. Gleichzeitig bleiben Stresszentren wie die Amygdala \u00fcberaktiv.<\/p>\n<p>Trauma ist also kein psychologisches \u201eProblem\u201c, sondern eine neurobiologische Verletzung.<\/p>\n<p>Heilung auf psychischer Ebene \u2013 EMDR und Traumaaufstellung<\/p>\n<p>Die moderne Traumatherapie arbeitet mit Methoden, die das Nervensystem wieder in Balance bringen.<\/p>\n<p>\ud83d\udd39 <strong>EMDR (Eye Movement Desensitization and Reprocessing)<\/strong><br \/>\nEMDR wurde von Francine Shapiro entwickelt und ist heute wissenschaftlich anerkannt. Durch bilaterale Stimulation (Augenbewegungen, Klopfreize) wird die Verarbeitung der traumatischen Erinnerung im Gehirn gef\u00f6rdert.<br \/>\nStudien belegen, dass EMDR die Aktivit\u00e4t in der Amygdala reduziert und die Selbstregulationsf\u00e4higkeit st\u00e4rkt.<\/p>\n<p>\ud83d\udd39 <strong>Traumaaufstellung<\/strong><br \/>\nIn der systemischen Traumaarbeit werden unbewusste Bindungs- und \u00dcberlebensmuster sichtbar gemacht. Das Ziel ist nicht, das Trauma erneut zu durchleben, sondern es aufzul\u00f6sen. Konkret werden die mit dem traumatischen Ereignis assoziierten Gef\u00fchle und Emotionen aufgel\u00f6st. Die Aufl\u00f6sung geschieht auf allen Ebenen: Seele, K\u00f6rper und Geist. .<br \/>\nDer K\u00f6rper darf wieder erfahren: Ich bin jetzt sicher.<\/p>\n<p><strong>Heilung auf k\u00f6rperlicher Ebene \u2013 Traumasensibles Yoga<\/strong><\/p>\n<p>Viele traumatisierte Menschen haben den Kontakt zu ihrem K\u00f6rper verloren. Sie sp\u00fcren sich kaum oder empfinden den K\u00f6rper sogar als \u201eunsicher\u201c.<br \/>\nHier setzt Traumasensibles Yoga (TSY) an \u2013 eine Methode, die von Therapeut*innen und Yogalehrenden wie David Emerson in Zusammenarbeit mit Bessel van der Kolk entwickelt wurde.<\/p>\n<p>Ziel ist nicht die perfekte Haltung, sondern die Wiederherstellung von Selbstwahrnehmung und Kontrolle.<br \/>\nIm Mittelpunkt stehen:<\/p>\n<ul>\n<li>achtsame, langsame Bewegungen<\/li>\n<li>die freie Wahl (\u201eDu darfst selbst entscheiden, was sich richtig anf\u00fchlt\u201c)<\/li>\n<li>Atembewusstsein ohne Zwang<\/li>\n<li>Orientierung an Sicherheit und Erdung<\/li>\n<\/ul>\n<p>Van der Kolk betont:<\/p>\n<blockquote><p>\u201eYoga hilft Menschen, wieder ein Gef\u00fchl von Besitz \u00fcber ihren K\u00f6rper zu entwickeln. Es bringt sie zur\u00fcck in die Gegenwart \u2013 dahin, wo Heilung geschieht.\u201c<\/p><\/blockquote>\n<p>Neurowissenschaftlich l\u00e4sst sich zeigen, dass regelm\u00e4\u00dfige achtsame Bewegung (wie Yoga oder somatische \u00dcbungen) die Aktivit\u00e4t im Vagusnerv st\u00e4rkt \u2013 einem zentralen Schalter des parasympathischen Systems, der Entspannung und Sicherheit signalisiert.<\/p>\n<p><strong>Ganzheitliche Traumaarbeit \u2013 K\u00f6rper und Seele gemeinsam heilen<\/strong><\/p>\n<p>Heilung geschieht, wenn Psyche und K\u00f6rper gemeinsam betrachtet werden.<br \/>\nPsychotherapeutische Verfahren wie EMDR oder Aufstellungsarbeit helfen, das Erlebte zu integrieren.<br \/>\nK\u00f6rperorientierte Methoden wie traumasensibles Yoga erm\u00f6glichen, Sicherheit k\u00f6rperlich zu erfahren.<\/p>\n<p>Beides zusammen \u00f6ffnet den Weg zu echter Regeneration:<\/p>\n<ul>\n<li>Das Nervensystem lernt, sich wieder zu regulieren.<\/li>\n<li>Der K\u00f6rper darf sich als sicher, lebendig und zugeh\u00f6rig erleben.<\/li>\n<li>Der Mensch kommt wieder in Kontakt mit sich selbst \u2013 auf allen Ebenen.<\/li>\n<\/ul>\n<p><strong>Fazit<\/strong><\/p>\n<p>Trauma ist kein Zeichen von Schw\u00e4che, sondern eine Reaktion auf \u00dcberforderung.<br \/>\nDoch das, was im K\u00f6rper gespeichert wurde, kann auch \u00fcber den K\u00f6rper wieder geheilt werden.<\/p>\n<p>Wie Bessel van der Kolk schreibt:<\/p>\n<blockquote><p>\u201eDer K\u00f6rper ist nicht das Problem \u2013 er ist der Weg zur Heilung.\u201c<\/p><\/blockquote>\n<p>Quellen<\/p>\n<p>&#8211; van der Kolk, B. (2015). The Body Keeps the Score. Penguin Books.<br \/>\n&#8211; Shapiro, F. (2018). EMDR \u2013 Grundlagen und Praxis. Springer.<br \/>\n&#8211; Emerson, D. &#038; Hopper, E. (2011). Overcoming Trauma through Yoga. North Atlantic Books.<br \/>\n&#8211; JAMA Psychiatry (2018): Association of Stress Disorders With Autoimmune Disease.<br \/>\n&#8211; Porges, S. (2011). The Polyvagal Theory. W. W. Norton.<\/p>\n","protected":false},"excerpt":{"rendered":"<p>Traumatische Erfahrungen hinterlassen Spuren \u2013 nicht nur in der Seele, sondern auch im K\u00f6rper. Selbst wenn das Ereignis l\u00e4ngst vergangen [&hellip;]<\/p>\n","protected":false},"author":2,"featured_media":86400,"comment_status":"closed","ping_status":"open","sticky":false,"template":"","format":"standard","meta":{"footnotes":""},"categories":[1],"tags":[],"class_list":["post-86396","post","type-post","status-publish","format-standard","has-post-thumbnail","hentry","category-uncategorized"],"yoast_head":"<!-- This site is optimized with the Yoast SEO plugin v26.3 - https:\/\/yoast.com\/wordpress\/plugins\/seo\/ -->\n<title>Trauma im K\u00f6rper: Heilung durch EMDR, Aufstellung &amp; Yoga - Amel Paulukat<\/title>\n<meta name=\"description\" content=\"Traumatische Erfahrungen speichern sich im K\u00f6rper. Erfahren Sie, wie EMDR, Traumaaufstellung und traumasensibles Yoga bei der Heilung helfen k\u00f6nnen.\" \/>\n<meta name=\"robots\" content=\"index, follow, max-snippet:-1, max-image-preview:large, max-video-preview:-1\" \/>\n<link rel=\"canonical\" href=\"https:\/\/amel-paulukat.com\/en\/wenn-der-koerper-erinnert-trauma-zwischen-psyche-und-koerper-verstehen\/\" \/>\n<meta property=\"og:locale\" content=\"en_US\" \/>\n<meta property=\"og:locale:alternate\" content=\"de_DE\" \/>\n<meta property=\"og:type\" content=\"article\" \/>\n<meta property=\"og:title\" content=\"Trauma im K\u00f6rper: Heilung durch EMDR, Aufstellung &amp; Yoga - Amel Paulukat\" \/>\n<meta property=\"og:description\" content=\"Traumatische Erfahrungen speichern sich im K\u00f6rper. Erfahren Sie, wie EMDR, Traumaaufstellung und traumasensibles Yoga bei der Heilung helfen k\u00f6nnen.\" \/>\n<meta property=\"og:url\" content=\"https:\/\/amel-paulukat.com\/en\/wenn-der-koerper-erinnert-trauma-zwischen-psyche-und-koerper-verstehen\/\" \/>\n<meta property=\"og:site_name\" content=\"Amel Paulukat\" \/>\n<meta property=\"article:published_time\" content=\"2025-11-17T14:34:39+00:00\" \/>\n<meta property=\"og:image\" content=\"https:\/\/amel-paulukat.com\/wp-content\/uploads\/2025\/06\/law-und-2-scaled.jpg\" \/>\n\t<meta property=\"og:image:width\" content=\"1707\" \/>\n\t<meta property=\"og:image:height\" content=\"2560\" \/>\n\t<meta property=\"og:image:type\" content=\"image\/jpeg\" \/>\n<meta name=\"author\" content=\"Amel Paulukat\" \/>\n<meta name=\"twitter:card\" content=\"summary_large_image\" \/>\n<meta name=\"twitter:label1\" content=\"Written by\" \/>\n\t<meta name=\"twitter:data1\" content=\"Amel Paulukat\" \/>\n\t<meta name=\"twitter:label2\" content=\"Est. reading time\" \/>\n\t<meta name=\"twitter:data2\" content=\"4 minutes\" \/>\n<script type=\"application\/ld+json\" class=\"yoast-schema-graph\">{\"@context\":\"https:\/\/schema.org\",\"@graph\":[{\"@type\":\"Article\",\"@id\":\"https:\/\/amel-paulukat.com\/wenn-der-koerper-erinnert-trauma-zwischen-psyche-und-koerper-verstehen\/#article\",\"isPartOf\":{\"@id\":\"https:\/\/amel-paulukat.com\/wenn-der-koerper-erinnert-trauma-zwischen-psyche-und-koerper-verstehen\/\"},\"author\":{\"name\":\"Amel Paulukat\",\"@id\":\"https:\/\/amel-paulukat.com\/#\/schema\/person\/cd05944b0f597d1839ccee7266348297\"},\"headline\":\"Wenn der K\u00f6rper erinnert \u2013 Trauma zwischen Psyche und K\u00f6rper verstehen\",\"datePublished\":\"2025-11-17T14:34:39+00:00\",\"mainEntityOfPage\":{\"@id\":\"https:\/\/amel-paulukat.com\/wenn-der-koerper-erinnert-trauma-zwischen-psyche-und-koerper-verstehen\/\"},\"wordCount\":747,\"publisher\":{\"@id\":\"https:\/\/amel-paulukat.com\/#\/schema\/person\/cd05944b0f597d1839ccee7266348297\"},\"image\":{\"@id\":\"https:\/\/amel-paulukat.com\/wenn-der-koerper-erinnert-trauma-zwischen-psyche-und-koerper-verstehen\/#primaryimage\"},\"thumbnailUrl\":\"https:\/\/amel-paulukat.com\/wp-content\/uploads\/2025\/11\/Trauma-im-Koerper-Yoga.jpg\",\"inLanguage\":\"en-US\"},{\"@type\":\"WebPage\",\"@id\":\"https:\/\/amel-paulukat.com\/wenn-der-koerper-erinnert-trauma-zwischen-psyche-und-koerper-verstehen\/\",\"url\":\"https:\/\/amel-paulukat.com\/wenn-der-koerper-erinnert-trauma-zwischen-psyche-und-koerper-verstehen\/\",\"name\":\"Trauma im K\u00f6rper: Heilung durch EMDR, Aufstellung & Yoga - Amel Paulukat\",\"isPartOf\":{\"@id\":\"https:\/\/amel-paulukat.com\/#website\"},\"primaryImageOfPage\":{\"@id\":\"https:\/\/amel-paulukat.com\/wenn-der-koerper-erinnert-trauma-zwischen-psyche-und-koerper-verstehen\/#primaryimage\"},\"image\":{\"@id\":\"https:\/\/amel-paulukat.com\/wenn-der-koerper-erinnert-trauma-zwischen-psyche-und-koerper-verstehen\/#primaryimage\"},\"thumbnailUrl\":\"https:\/\/amel-paulukat.com\/wp-content\/uploads\/2025\/11\/Trauma-im-Koerper-Yoga.jpg\",\"datePublished\":\"2025-11-17T14:34:39+00:00\",\"description\":\"Traumatische Erfahrungen speichern sich im K\u00f6rper. Erfahren Sie, wie EMDR, Traumaaufstellung und traumasensibles Yoga bei der Heilung helfen k\u00f6nnen.\",\"breadcrumb\":{\"@id\":\"https:\/\/amel-paulukat.com\/wenn-der-koerper-erinnert-trauma-zwischen-psyche-und-koerper-verstehen\/#breadcrumb\"},\"inLanguage\":\"en-US\",\"potentialAction\":[{\"@type\":\"ReadAction\",\"target\":[\"https:\/\/amel-paulukat.com\/wenn-der-koerper-erinnert-trauma-zwischen-psyche-und-koerper-verstehen\/\"]}]},{\"@type\":\"ImageObject\",\"inLanguage\":\"en-US\",\"@id\":\"https:\/\/amel-paulukat.com\/wenn-der-koerper-erinnert-trauma-zwischen-psyche-und-koerper-verstehen\/#primaryimage\",\"url\":\"https:\/\/amel-paulukat.com\/wp-content\/uploads\/2025\/11\/Trauma-im-Koerper-Yoga.jpg\",\"contentUrl\":\"https:\/\/amel-paulukat.com\/wp-content\/uploads\/2025\/11\/Trauma-im-Koerper-Yoga.jpg\",\"width\":516,\"height\":516},{\"@type\":\"BreadcrumbList\",\"@id\":\"https:\/\/amel-paulukat.com\/wenn-der-koerper-erinnert-trauma-zwischen-psyche-und-koerper-verstehen\/#breadcrumb\",\"itemListElement\":[{\"@type\":\"ListItem\",\"position\":1,\"name\":\"Home\",\"item\":\"https:\/\/amel-paulukat.com\/\"},{\"@type\":\"ListItem\",\"position\":2,\"name\":\"Wenn der K\u00f6rper erinnert \u2013 Trauma zwischen Psyche und K\u00f6rper verstehen\"}]},{\"@type\":\"WebSite\",\"@id\":\"https:\/\/amel-paulukat.com\/#website\",\"url\":\"https:\/\/amel-paulukat.com\/\",\"name\":\"Amel Paulukat\",\"description\":\"Therapeutische Beratung Konfliktl\u00f6sung & Meditation\",\"publisher\":{\"@id\":\"https:\/\/amel-paulukat.com\/#\/schema\/person\/cd05944b0f597d1839ccee7266348297\"},\"potentialAction\":[{\"@type\":\"SearchAction\",\"target\":{\"@type\":\"EntryPoint\",\"urlTemplate\":\"https:\/\/amel-paulukat.com\/?s={search_term_string}\"},\"query-input\":{\"@type\":\"PropertyValueSpecification\",\"valueRequired\":true,\"valueName\":\"search_term_string\"}}],\"inLanguage\":\"en-US\"},{\"@type\":[\"Person\",\"Organization\"],\"@id\":\"https:\/\/amel-paulukat.com\/#\/schema\/person\/cd05944b0f597d1839ccee7266348297\",\"name\":\"Amel Paulukat\",\"image\":{\"@type\":\"ImageObject\",\"inLanguage\":\"en-US\",\"@id\":\"https:\/\/amel-paulukat.com\/#\/schema\/person\/image\/\",\"url\":\"https:\/\/amel-paulukat.com\/wp-content\/uploads\/2020\/05\/Amel-Manai_Logo.png\",\"contentUrl\":\"https:\/\/amel-paulukat.com\/wp-content\/uploads\/2020\/05\/Amel-Manai_Logo.png\",\"width\":507,\"height\":341,\"caption\":\"Amel Paulukat\"},\"logo\":{\"@id\":\"https:\/\/amel-paulukat.com\/#\/schema\/person\/image\/\"},\"sameAs\":[\"https:\/\/amel-paulukat.com\"],\"url\":\"https:\/\/amel-paulukat.com\/en\/author\/amel\/\"}]}<\/script>\n<!-- \/ Yoast SEO plugin. -->","yoast_head_json":{"title":"Trauma im K\u00f6rper: Heilung durch EMDR, Aufstellung & Yoga - Amel Paulukat","description":"Traumatische Erfahrungen speichern sich im K\u00f6rper. Erfahren Sie, wie EMDR, Traumaaufstellung und traumasensibles Yoga bei der Heilung helfen k\u00f6nnen.","robots":{"index":"index","follow":"follow","max-snippet":"max-snippet:-1","max-image-preview":"max-image-preview:large","max-video-preview":"max-video-preview:-1"},"canonical":"https:\/\/amel-paulukat.com\/en\/wenn-der-koerper-erinnert-trauma-zwischen-psyche-und-koerper-verstehen\/","og_locale":"en_US","og_type":"article","og_title":"[:de]Trauma im K\u00f6rper: Heilung durch EMDR, Aufstellung & Yoga - Amel Paulukat[:]","og_description":"[:de]Traumatische Erfahrungen speichern sich im K\u00f6rper. Erfahren Sie, wie EMDR, Traumaaufstellung und traumasensibles Yoga bei der Heilung helfen k\u00f6nnen.[:]","og_url":"https:\/\/amel-paulukat.com\/en\/wenn-der-koerper-erinnert-trauma-zwischen-psyche-und-koerper-verstehen\/","og_site_name":"Amel Paulukat","article_published_time":"2025-11-17T14:34:39+00:00","og_image":[{"width":1707,"height":2560,"url":"https:\/\/amel-paulukat.com\/wp-content\/uploads\/2025\/06\/law-und-2-scaled.jpg","type":"image\/jpeg"}],"author":"Amel Paulukat","twitter_card":"summary_large_image","twitter_misc":{"Written by":"Amel Paulukat","Est. reading time":"4 minutes"},"schema":{"@context":"https:\/\/schema.org","@graph":[{"@type":"Article","@id":"https:\/\/amel-paulukat.com\/wenn-der-koerper-erinnert-trauma-zwischen-psyche-und-koerper-verstehen\/#article","isPartOf":{"@id":"https:\/\/amel-paulukat.com\/wenn-der-koerper-erinnert-trauma-zwischen-psyche-und-koerper-verstehen\/"},"author":{"name":"Amel Paulukat","@id":"https:\/\/amel-paulukat.com\/#\/schema\/person\/cd05944b0f597d1839ccee7266348297"},"headline":"Wenn der K\u00f6rper erinnert \u2013 Trauma zwischen Psyche und K\u00f6rper verstehen","datePublished":"2025-11-17T14:34:39+00:00","mainEntityOfPage":{"@id":"https:\/\/amel-paulukat.com\/wenn-der-koerper-erinnert-trauma-zwischen-psyche-und-koerper-verstehen\/"},"wordCount":747,"publisher":{"@id":"https:\/\/amel-paulukat.com\/#\/schema\/person\/cd05944b0f597d1839ccee7266348297"},"image":{"@id":"https:\/\/amel-paulukat.com\/wenn-der-koerper-erinnert-trauma-zwischen-psyche-und-koerper-verstehen\/#primaryimage"},"thumbnailUrl":"https:\/\/amel-paulukat.com\/wp-content\/uploads\/2025\/11\/Trauma-im-Koerper-Yoga.jpg","inLanguage":"en-US"},{"@type":"WebPage","@id":"https:\/\/amel-paulukat.com\/wenn-der-koerper-erinnert-trauma-zwischen-psyche-und-koerper-verstehen\/","url":"https:\/\/amel-paulukat.com\/wenn-der-koerper-erinnert-trauma-zwischen-psyche-und-koerper-verstehen\/","name":"Trauma im K\u00f6rper: Heilung durch EMDR, Aufstellung & Yoga - Amel Paulukat","isPartOf":{"@id":"https:\/\/amel-paulukat.com\/#website"},"primaryImageOfPage":{"@id":"https:\/\/amel-paulukat.com\/wenn-der-koerper-erinnert-trauma-zwischen-psyche-und-koerper-verstehen\/#primaryimage"},"image":{"@id":"https:\/\/amel-paulukat.com\/wenn-der-koerper-erinnert-trauma-zwischen-psyche-und-koerper-verstehen\/#primaryimage"},"thumbnailUrl":"https:\/\/amel-paulukat.com\/wp-content\/uploads\/2025\/11\/Trauma-im-Koerper-Yoga.jpg","datePublished":"2025-11-17T14:34:39+00:00","description":"Traumatische Erfahrungen speichern sich im K\u00f6rper. Erfahren Sie, wie EMDR, Traumaaufstellung und traumasensibles Yoga bei der Heilung helfen k\u00f6nnen.","breadcrumb":{"@id":"https:\/\/amel-paulukat.com\/wenn-der-koerper-erinnert-trauma-zwischen-psyche-und-koerper-verstehen\/#breadcrumb"},"inLanguage":"en-US","potentialAction":[{"@type":"ReadAction","target":["https:\/\/amel-paulukat.com\/wenn-der-koerper-erinnert-trauma-zwischen-psyche-und-koerper-verstehen\/"]}]},{"@type":"ImageObject","inLanguage":"en-US","@id":"https:\/\/amel-paulukat.com\/wenn-der-koerper-erinnert-trauma-zwischen-psyche-und-koerper-verstehen\/#primaryimage","url":"https:\/\/amel-paulukat.com\/wp-content\/uploads\/2025\/11\/Trauma-im-Koerper-Yoga.jpg","contentUrl":"https:\/\/amel-paulukat.com\/wp-content\/uploads\/2025\/11\/Trauma-im-Koerper-Yoga.jpg","width":516,"height":516},{"@type":"BreadcrumbList","@id":"https:\/\/amel-paulukat.com\/wenn-der-koerper-erinnert-trauma-zwischen-psyche-und-koerper-verstehen\/#breadcrumb","itemListElement":[{"@type":"ListItem","position":1,"name":"Home","item":"https:\/\/amel-paulukat.com\/"},{"@type":"ListItem","position":2,"name":"Wenn der K\u00f6rper erinnert \u2013 Trauma zwischen Psyche und K\u00f6rper verstehen"}]},{"@type":"WebSite","@id":"https:\/\/amel-paulukat.com\/#website","url":"https:\/\/amel-paulukat.com\/","name":"Amel Paulukat","description":"Therapeutische Beratung Konfliktl\u00f6sung & Meditation","publisher":{"@id":"https:\/\/amel-paulukat.com\/#\/schema\/person\/cd05944b0f597d1839ccee7266348297"},"potentialAction":[{"@type":"SearchAction","target":{"@type":"EntryPoint","urlTemplate":"https:\/\/amel-paulukat.com\/?s={search_term_string}"},"query-input":{"@type":"PropertyValueSpecification","valueRequired":true,"valueName":"search_term_string"}}],"inLanguage":"en-US"},{"@type":["Person","Organization"],"@id":"https:\/\/amel-paulukat.com\/#\/schema\/person\/cd05944b0f597d1839ccee7266348297","name":"Amel Paulukat","image":{"@type":"ImageObject","inLanguage":"en-US","@id":"https:\/\/amel-paulukat.com\/#\/schema\/person\/image\/","url":"https:\/\/amel-paulukat.com\/wp-content\/uploads\/2020\/05\/Amel-Manai_Logo.png","contentUrl":"https:\/\/amel-paulukat.com\/wp-content\/uploads\/2020\/05\/Amel-Manai_Logo.png","width":507,"height":341,"caption":"Amel Paulukat"},"logo":{"@id":"https:\/\/amel-paulukat.com\/#\/schema\/person\/image\/"},"sameAs":["https:\/\/amel-paulukat.com"],"url":"https:\/\/amel-paulukat.com\/en\/author\/amel\/"}]}},"_links":{"self":[{"href":"https:\/\/amel-paulukat.com\/en\/wp-json\/wp\/v2\/posts\/86396","targetHints":{"allow":["GET"]}}],"collection":[{"href":"https:\/\/amel-paulukat.com\/en\/wp-json\/wp\/v2\/posts"}],"about":[{"href":"https:\/\/amel-paulukat.com\/en\/wp-json\/wp\/v2\/types\/post"}],"author":[{"embeddable":true,"href":"https:\/\/amel-paulukat.com\/en\/wp-json\/wp\/v2\/users\/2"}],"replies":[{"embeddable":true,"href":"https:\/\/amel-paulukat.com\/en\/wp-json\/wp\/v2\/comments?post=86396"}],"version-history":[{"count":3,"href":"https:\/\/amel-paulukat.com\/en\/wp-json\/wp\/v2\/posts\/86396\/revisions"}],"predecessor-version":[{"id":86398,"href":"https:\/\/amel-paulukat.com\/en\/wp-json\/wp\/v2\/posts\/86396\/revisions\/86398"}],"wp:featuredmedia":[{"embeddable":true,"href":"https:\/\/amel-paulukat.com\/en\/wp-json\/wp\/v2\/media\/86400"}],"wp:attachment":[{"href":"https:\/\/amel-paulukat.com\/en\/wp-json\/wp\/v2\/media?parent=86396"}],"wp:term":[{"taxonomy":"category","embeddable":true,"href":"https:\/\/amel-paulukat.com\/en\/wp-json\/wp\/v2\/categories?post=86396"},{"taxonomy":"post_tag","embeddable":true,"href":"https:\/\/amel-paulukat.com\/en\/wp-json\/wp\/v2\/tags?post=86396"}],"curies":[{"name":"wp","href":"https:\/\/api.w.org\/{rel}","templated":true}]}}