{"id":86402,"date":"2025-11-17T15:12:27","date_gmt":"2025-11-17T15:12:27","guid":{"rendered":"https:\/\/amel-paulukat.com\/?p=86402"},"modified":"2025-11-17T15:12:27","modified_gmt":"2025-11-17T15:12:27","slug":"ganzheitliche-traumatherapie-und-fibromyalgie-trauma-als-moegliche-ursache","status":"publish","type":"post","link":"https:\/\/amel-paulukat.com\/en\/ganzheitliche-traumatherapie-und-fibromyalgie-trauma-als-moegliche-ursache\/","title":{"rendered":"Ganzheitliche Traumatherapie &#038; Fibromyalgie: Trauma als m\u00f6gliche Ursache?"},"content":{"rendered":"<p>Viele Menschen, die unter chronischen Beschwerden wie Fibromyalgie oder unerkl\u00e4rlichen Schmerzen leiden, kennen das Gef\u00fchl: \u201eIch habe Schmerzen \u2013 aber es wird nichts gefunden.\u201c H\u00e4ufig beginnt eine langwierige medizinische Suche nach einer Ursache \u2013 meist ohne Ergebnis. Doch was, wenn der Ursprung nicht nur im K\u00f6rper liegt, sondern auch in der Psyche?<\/p>\n<p>Fibromyalgie z\u00e4hlt zu den funktionellen Schmerzsyndromen. Betroffene berichten \u00fcber Muskel- und Gliederschmerzen, Ersch\u00f6pfung, Schlafst\u00f6rungen und Konzentrationsprobleme \u2013 ohne organisch nachweisbare Ursachen. Diese Erfahrungen f\u00fchren oft zu Frustration und dem Gef\u00fchl, \u201enicht ernst genommen\u201c zu werden.<\/p>\n<p>Ein wachsender Forschungszweig untersucht den Zusammenhang zwischen <strong>chronischem Schmerz<\/strong> und <strong>psychischem Trauma<\/strong> \u2013 mit aufschlussreichen Ergebnissen.<\/p>\n<p><strong>Belastende Lebensereignisse als Ausl\u00f6ser<\/strong><br \/>\nStudien zeigen, dass traumatische Erfahrungen \u2013 besonders in der Kindheit \u2013 bei vielen Menschen mit Fibromyalgie h\u00e4ufiger vorkommen.<\/p>\n<ul>\n<li>Eine Heidelberger Analyse mit 123 PatientInnen zeigte: Eine Vorgeschichte von Kindheitstrauma war mit st\u00e4rkerer psychischer Belastung wie Depression, Angst oder Stress verbunden.<\/li>\n<li>Eine britische Studie fand eine h\u00f6here Traumaquote bei FMS-PatientInnen im Vergleich zu Kontrollen (39\u202f% vs. 24\u202f%).<\/li>\n<\/ul>\n<p>Diese Ergebnisse deuten darauf hin, dass unverarbeitete Belastungen ein Risikofaktor f\u00fcr chronische Schmerzsyndrome sein k\u00f6nnen.<\/p>\n<p><strong>Biopsychosoziale Mechanismen: Wie Trauma den K\u00f6rper beeinflusst<\/strong><br \/>\nTrauma wirkt nicht nur psychisch, sondern auch k\u00f6rperlich. Es aktiviert Hirnregionen wie Amygdala und Hippocampus, die Schmerzempfindlichkeit und Stressreaktionen steuern.<\/p>\n<p>Dauerhafte Stressaktivierung \u00fcber die HPA-Achse ver\u00e4ndert das Cortisolprofil \u2013 ein typischer Befund bei Fibromyalgie. Genetische und epigenetische Faktoren (z.\u202fB. COMT- oder Serotonin-Gene) k\u00f6nnen die Sensibilit\u00e4t des Nervensystems zus\u00e4tzlich erh\u00f6hen.<\/p>\n<p><strong>Teufelskreis Schmerz \u2194 Trauma<\/strong><br \/>\nTrauma und chronischer Schmerz k\u00f6nnen sich gegenseitig verst\u00e4rken:<\/p>\n<ul>\n<li>Schmerzen erh\u00f6hen emotionalen Stress.<\/li>\n<li>Traumatische Aktivierung steigert die Schmerzempfindlichkeit.<\/li>\n<\/ul>\n<p>Ohne therapeutische Intervention entsteht so ein schwer durchbrechbarer Kreislauf.<\/p>\n<p><strong>Therapieans\u00e4tze: Traumaorientiert &#038; psychologisch fundiert<\/strong><\/p>\n<p><strong>EMDR bei Fibromyalgie<\/strong><br \/>\nEMDR (\u201eEye Movement Desensitization and Reprocessing\u201c) wurde in Studien bei Fibromyalgie eingesetzt. Erste Ergebnisse zeigen: EMDR kann k\u00f6rperlichen Stress, traumabezogene Symptome und teilweise auch Schmerzintensit\u00e4t reduzieren.<br \/>\n<strong>Weitere traumafokussierte Verfahren<\/strong><br \/>\nVerfahren wie EFT (Emotional Freedom Techniques) werden ebenfalls explorativ genutzt. Studien sind klein, doch zeigen sie Tendenzen zu psychischer Entlastung und Verbesserung einzelner Symptome.<br \/>\n<strong>Fachliche Expertise &#038; Praxiserfahrungen<\/strong><br \/>\nFr\u00fche Bindungs- und Traumast\u00f6rungen k\u00f6nnen die Stressverarbeitung langfristig beeinflussen. Ulrich Egle beschreibt das Stressverarbeitungssystem des Gehirns als zentralen Mediator zwischen emotionalen Belastungen und k\u00f6rperlichen Schmerzen. Erfahrungsberichte zeigen, dass EMDR und somatische Traumatherapien bei Trauma-assoziierten Fibromyalgie-Verl\u00e4ufen hilfreich sein k\u00f6nnen.<\/p>\n<p><strong>Integratives Vorgehen: Traumaaufstellung &#038; EMDR<\/strong><br \/>\nEin ganzheitlicher Ansatz verbindet mehrere Ebenen:<\/p>\n<ul>\n<li><strong>Traumaaufstellungen<\/strong> machen innere Dynamiken sichtbar und l\u00f6sen emotionale Verstrickungen.<\/li>\n<li><strong>EMDR<\/strong> unterst\u00fctzt die neurologische Verarbeitung traumatischer Erinnerungen, reduziert Stressreaktionen und schmerzhafte Verkn\u00fcpfungen.<\/li>\n<li><strong>Psychotherapeutische Begleitung<\/strong> (z.\u202fB. Achtsamkeit, K\u00f6rperarbeit) stabilisiert das Nervensystem und st\u00e4rkt Selbstregulation.<\/li>\n<\/ul>\n<p><strong>Vorteile dieses Ansatzes<\/strong><\/p>\n<ul>\n<li>Reduktion traumatischer Aktivierung und Stressantwort<\/li>\n<li>Bearbeitung k\u00f6rperlich gespeicherter Themen<\/li>\n<li>St\u00e4rkung emotionaler und psychischer Stabilit\u00e4t<\/li>\n<li>M\u00f6gliche Schmerzreduktion und Lebensqualit\u00e4tsgewinn<\/li>\n<\/ul>\n<p><strong>Traumasensibles Yoga als erg\u00e4nzende Methode<\/strong><\/p>\n<p>Traumasensibles Yoga (TSY) erg\u00e4nzt die psychotherapeutische Arbeit. Es richtet sich an Menschen, deren Nervensystem durch chronische Schmerzen oder Traumata stark aktiviert ist.<\/p>\n<p><strong>Ziele und Wirkmechanismen von TSY<\/strong><\/p>\n<ul>\n<li><strong>Sichere K\u00f6rperwahrnehmung<\/strong>: Der K\u00f6rper wird wieder als zuverl\u00e4ssiger Orientierungspunkt erlebt.<\/li>\n<li><strong>Nervensystemregulation<\/strong>: Sanfte Bewegungen und Atem\u00fcbungen helfen, aus \u00dcbererregung in Ruhe zu kommen.<\/li>\n<li><strong>Muskelentspannung<\/strong>: Betroffene sp\u00fcren eine Reduktion von Verspannungen und Schmerz.<\/li>\n<li><strong>Selbstwirksamkeit<\/strong>: Das Erleben eigener Handlungsm\u00f6glichkeiten st\u00e4rkt das Gef\u00fchl von Kontrolle und Stabilit\u00e4t.<\/li>\n<\/ul>\n<p>TSY legt Wert auf Wahlfreiheit, Achtsamkeit und Sicherheit \u2013 nicht auf Leistung oder Perfektion. Gerade f\u00fcr Fibromyalgie-PatientInnen mit sensibler Schmerzverarbeitung ist das ein wertvoller therapeutischer Zugang.<\/p>\n<p><strong>Fazit<\/strong><br \/>\nFibromyalgie ist ein <strong>multifaktorielles Syndrom<\/strong>, bei dem biologische, psychische und soziale Faktoren ineinandergreifen. Traumatische Erfahrungen \u2013 besonders in der Kindheit oder durch chronische psychische Belastung \u2013 k\u00f6nnen einen wesentlichen Einfluss haben.<\/p>\n<p>Ein <strong>ganzheitlicher, traumaorientierter Ansatz<\/strong>, der <strong>Traumaaufstellungen<\/strong>, <strong>EMDR<\/strong> und <strong>traumasensibles Yoga<\/strong> kombiniert, bietet eine fundierte M\u00f6glichkeit, Schmerzsymptome zu verstehen und zu lindern.<\/p>\n<p>Diese Methoden ersetzen nicht die medizinische Abkl\u00e4rung, stellen aber eine wertvolle therapeutische Erg\u00e4nzung dar. Durch die Arbeit auf <strong>k\u00f6rperlicher, emotionaler und psychischer Ebene<\/strong> k\u00f6nnen PatientInnen Stabilit\u00e4t, Selbstregulation und Lebensqualit\u00e4t zur\u00fcckgewinnen \u2013 und oft auch eine Reduktion ihrer Schmerzen erfahren.<\/p>\n","protected":false},"excerpt":{"rendered":"<p>Viele Menschen, die unter chronischen Beschwerden wie Fibromyalgie oder unerkl\u00e4rlichen Schmerzen leiden, kennen das Gef\u00fchl: \u201eIch habe Schmerzen \u2013 aber [&hellip;]<\/p>\n","protected":false},"author":2,"featured_media":86408,"comment_status":"closed","ping_status":"open","sticky":false,"template":"","format":"standard","meta":{"footnotes":""},"categories":[1],"tags":[],"class_list":["post-86402","post","type-post","status-publish","format-standard","has-post-thumbnail","hentry","category-uncategorized"],"yoast_head":"<!-- This site is optimized with the Yoast SEO plugin v26.3 - https:\/\/yoast.com\/wordpress\/plugins\/seo\/ -->\n<title>Fibromyalgie &amp; Trauma: EMDR und Traumatherapie als L\u00f6sung - Amel Paulukat<\/title>\n<meta name=\"description\" content=\"Fibromyalgie ohne organische Ursache? Erfahren Sie, wie Trauma chronische Schmerzen ausl\u00f6st und EMDR, Traumaaufstellung &amp; Yoga helfen k\u00f6nnen.\" \/>\n<meta name=\"robots\" content=\"index, follow, max-snippet:-1, max-image-preview:large, max-video-preview:-1\" \/>\n<link rel=\"canonical\" href=\"https:\/\/amel-paulukat.com\/en\/ganzheitliche-traumatherapie-und-fibromyalgie-trauma-als-moegliche-ursache\/\" \/>\n<meta property=\"og:locale\" content=\"en_US\" \/>\n<meta property=\"og:locale:alternate\" content=\"de_DE\" \/>\n<meta property=\"og:type\" content=\"article\" \/>\n<meta property=\"og:title\" content=\"Fibromyalgie &amp; Trauma: EMDR und Traumatherapie als L\u00f6sung - Amel Paulukat\" \/>\n<meta property=\"og:description\" content=\"Fibromyalgie ohne organische Ursache? Erfahren Sie, wie Trauma chronische Schmerzen ausl\u00f6st und EMDR, Traumaaufstellung &amp; Yoga helfen k\u00f6nnen.\" \/>\n<meta property=\"og:url\" content=\"https:\/\/amel-paulukat.com\/en\/ganzheitliche-traumatherapie-und-fibromyalgie-trauma-als-moegliche-ursache\/\" \/>\n<meta property=\"og:site_name\" content=\"Amel Paulukat\" \/>\n<meta property=\"article:published_time\" content=\"2025-11-17T15:12:27+00:00\" \/>\n<meta property=\"og:image\" content=\"https:\/\/amel-paulukat.com\/wp-content\/uploads\/2025\/11\/Traumatherapie-und-Fibromyalgie3.jpg\" \/>\n\t<meta property=\"og:image:width\" content=\"516\" \/>\n\t<meta property=\"og:image:height\" content=\"516\" \/>\n\t<meta property=\"og:image:type\" content=\"image\/jpeg\" \/>\n<meta name=\"author\" content=\"Amel Paulukat\" \/>\n<meta name=\"twitter:card\" content=\"summary_large_image\" \/>\n<meta name=\"twitter:label1\" content=\"Written by\" \/>\n\t<meta name=\"twitter:data1\" content=\"Amel Paulukat\" \/>\n\t<meta name=\"twitter:label2\" content=\"Est. reading time\" \/>\n\t<meta name=\"twitter:data2\" content=\"4 minutes\" \/>\n<script type=\"application\/ld+json\" class=\"yoast-schema-graph\">{\"@context\":\"https:\/\/schema.org\",\"@graph\":[{\"@type\":\"Article\",\"@id\":\"https:\/\/amel-paulukat.com\/ganzheitliche-traumatherapie-und-fibromyalgie-trauma-als-moegliche-ursache\/#article\",\"isPartOf\":{\"@id\":\"https:\/\/amel-paulukat.com\/ganzheitliche-traumatherapie-und-fibromyalgie-trauma-als-moegliche-ursache\/\"},\"author\":{\"name\":\"Amel Paulukat\",\"@id\":\"https:\/\/amel-paulukat.com\/#\/schema\/person\/cd05944b0f597d1839ccee7266348297\"},\"headline\":\"Ganzheitliche Traumatherapie &#038; Fibromyalgie: Trauma als m\u00f6gliche Ursache?\",\"datePublished\":\"2025-11-17T15:12:27+00:00\",\"mainEntityOfPage\":{\"@id\":\"https:\/\/amel-paulukat.com\/ganzheitliche-traumatherapie-und-fibromyalgie-trauma-als-moegliche-ursache\/\"},\"wordCount\":686,\"publisher\":{\"@id\":\"https:\/\/amel-paulukat.com\/#\/schema\/person\/cd05944b0f597d1839ccee7266348297\"},\"image\":{\"@id\":\"https:\/\/amel-paulukat.com\/ganzheitliche-traumatherapie-und-fibromyalgie-trauma-als-moegliche-ursache\/#primaryimage\"},\"thumbnailUrl\":\"https:\/\/amel-paulukat.com\/wp-content\/uploads\/2025\/11\/Traumatherapie-und-Fibromyalgie3.jpg\",\"inLanguage\":\"en-US\"},{\"@type\":\"WebPage\",\"@id\":\"https:\/\/amel-paulukat.com\/ganzheitliche-traumatherapie-und-fibromyalgie-trauma-als-moegliche-ursache\/\",\"url\":\"https:\/\/amel-paulukat.com\/ganzheitliche-traumatherapie-und-fibromyalgie-trauma-als-moegliche-ursache\/\",\"name\":\"Fibromyalgie & Trauma: EMDR und Traumatherapie als L\u00f6sung - Amel Paulukat\",\"isPartOf\":{\"@id\":\"https:\/\/amel-paulukat.com\/#website\"},\"primaryImageOfPage\":{\"@id\":\"https:\/\/amel-paulukat.com\/ganzheitliche-traumatherapie-und-fibromyalgie-trauma-als-moegliche-ursache\/#primaryimage\"},\"image\":{\"@id\":\"https:\/\/amel-paulukat.com\/ganzheitliche-traumatherapie-und-fibromyalgie-trauma-als-moegliche-ursache\/#primaryimage\"},\"thumbnailUrl\":\"https:\/\/amel-paulukat.com\/wp-content\/uploads\/2025\/11\/Traumatherapie-und-Fibromyalgie3.jpg\",\"datePublished\":\"2025-11-17T15:12:27+00:00\",\"description\":\"Fibromyalgie ohne organische Ursache? Erfahren Sie, wie Trauma chronische Schmerzen ausl\u00f6st und EMDR, Traumaaufstellung & Yoga helfen k\u00f6nnen.\",\"breadcrumb\":{\"@id\":\"https:\/\/amel-paulukat.com\/ganzheitliche-traumatherapie-und-fibromyalgie-trauma-als-moegliche-ursache\/#breadcrumb\"},\"inLanguage\":\"en-US\",\"potentialAction\":[{\"@type\":\"ReadAction\",\"target\":[\"https:\/\/amel-paulukat.com\/ganzheitliche-traumatherapie-und-fibromyalgie-trauma-als-moegliche-ursache\/\"]}]},{\"@type\":\"ImageObject\",\"inLanguage\":\"en-US\",\"@id\":\"https:\/\/amel-paulukat.com\/ganzheitliche-traumatherapie-und-fibromyalgie-trauma-als-moegliche-ursache\/#primaryimage\",\"url\":\"https:\/\/amel-paulukat.com\/wp-content\/uploads\/2025\/11\/Traumatherapie-und-Fibromyalgie3.jpg\",\"contentUrl\":\"https:\/\/amel-paulukat.com\/wp-content\/uploads\/2025\/11\/Traumatherapie-und-Fibromyalgie3.jpg\",\"width\":516,\"height\":516},{\"@type\":\"BreadcrumbList\",\"@id\":\"https:\/\/amel-paulukat.com\/ganzheitliche-traumatherapie-und-fibromyalgie-trauma-als-moegliche-ursache\/#breadcrumb\",\"itemListElement\":[{\"@type\":\"ListItem\",\"position\":1,\"name\":\"Home\",\"item\":\"https:\/\/amel-paulukat.com\/\"},{\"@type\":\"ListItem\",\"position\":2,\"name\":\"Ganzheitliche Traumatherapie &#038; Fibromyalgie: Trauma als m\u00f6gliche Ursache?\"}]},{\"@type\":\"WebSite\",\"@id\":\"https:\/\/amel-paulukat.com\/#website\",\"url\":\"https:\/\/amel-paulukat.com\/\",\"name\":\"Amel Paulukat\",\"description\":\"Therapeutische Beratung Konfliktl\u00f6sung & Meditation\",\"publisher\":{\"@id\":\"https:\/\/amel-paulukat.com\/#\/schema\/person\/cd05944b0f597d1839ccee7266348297\"},\"potentialAction\":[{\"@type\":\"SearchAction\",\"target\":{\"@type\":\"EntryPoint\",\"urlTemplate\":\"https:\/\/amel-paulukat.com\/?s={search_term_string}\"},\"query-input\":{\"@type\":\"PropertyValueSpecification\",\"valueRequired\":true,\"valueName\":\"search_term_string\"}}],\"inLanguage\":\"en-US\"},{\"@type\":[\"Person\",\"Organization\"],\"@id\":\"https:\/\/amel-paulukat.com\/#\/schema\/person\/cd05944b0f597d1839ccee7266348297\",\"name\":\"Amel Paulukat\",\"image\":{\"@type\":\"ImageObject\",\"inLanguage\":\"en-US\",\"@id\":\"https:\/\/amel-paulukat.com\/#\/schema\/person\/image\/\",\"url\":\"https:\/\/amel-paulukat.com\/wp-content\/uploads\/2020\/05\/Amel-Manai_Logo.png\",\"contentUrl\":\"https:\/\/amel-paulukat.com\/wp-content\/uploads\/2020\/05\/Amel-Manai_Logo.png\",\"width\":507,\"height\":341,\"caption\":\"Amel Paulukat\"},\"logo\":{\"@id\":\"https:\/\/amel-paulukat.com\/#\/schema\/person\/image\/\"},\"sameAs\":[\"https:\/\/amel-paulukat.com\"],\"url\":\"https:\/\/amel-paulukat.com\/en\/author\/amel\/\"}]}<\/script>\n<!-- \/ Yoast SEO plugin. -->","yoast_head_json":{"title":"Fibromyalgie & Trauma: EMDR und Traumatherapie als L\u00f6sung - Amel Paulukat","description":"Fibromyalgie ohne organische Ursache? Erfahren Sie, wie Trauma chronische Schmerzen ausl\u00f6st und EMDR, Traumaaufstellung & Yoga helfen k\u00f6nnen.","robots":{"index":"index","follow":"follow","max-snippet":"max-snippet:-1","max-image-preview":"max-image-preview:large","max-video-preview":"max-video-preview:-1"},"canonical":"https:\/\/amel-paulukat.com\/en\/ganzheitliche-traumatherapie-und-fibromyalgie-trauma-als-moegliche-ursache\/","og_locale":"en_US","og_type":"article","og_title":"[:de]Fibromyalgie & Trauma: EMDR und Traumatherapie als L\u00f6sung - Amel Paulukat[:]","og_description":"[:de]Fibromyalgie ohne organische Ursache? Erfahren Sie, wie Trauma chronische Schmerzen ausl\u00f6st und EMDR, Traumaaufstellung & Yoga helfen k\u00f6nnen.[:]","og_url":"https:\/\/amel-paulukat.com\/en\/ganzheitliche-traumatherapie-und-fibromyalgie-trauma-als-moegliche-ursache\/","og_site_name":"Amel Paulukat","article_published_time":"2025-11-17T15:12:27+00:00","og_image":[{"width":516,"height":516,"url":"https:\/\/amel-paulukat.com\/wp-content\/uploads\/2025\/11\/Traumatherapie-und-Fibromyalgie3.jpg","type":"image\/jpeg"}],"author":"Amel Paulukat","twitter_card":"summary_large_image","twitter_misc":{"Written by":"Amel Paulukat","Est. reading time":"4 minutes"},"schema":{"@context":"https:\/\/schema.org","@graph":[{"@type":"Article","@id":"https:\/\/amel-paulukat.com\/ganzheitliche-traumatherapie-und-fibromyalgie-trauma-als-moegliche-ursache\/#article","isPartOf":{"@id":"https:\/\/amel-paulukat.com\/ganzheitliche-traumatherapie-und-fibromyalgie-trauma-als-moegliche-ursache\/"},"author":{"name":"Amel Paulukat","@id":"https:\/\/amel-paulukat.com\/#\/schema\/person\/cd05944b0f597d1839ccee7266348297"},"headline":"Ganzheitliche Traumatherapie &#038; Fibromyalgie: Trauma als m\u00f6gliche Ursache?","datePublished":"2025-11-17T15:12:27+00:00","mainEntityOfPage":{"@id":"https:\/\/amel-paulukat.com\/ganzheitliche-traumatherapie-und-fibromyalgie-trauma-als-moegliche-ursache\/"},"wordCount":686,"publisher":{"@id":"https:\/\/amel-paulukat.com\/#\/schema\/person\/cd05944b0f597d1839ccee7266348297"},"image":{"@id":"https:\/\/amel-paulukat.com\/ganzheitliche-traumatherapie-und-fibromyalgie-trauma-als-moegliche-ursache\/#primaryimage"},"thumbnailUrl":"https:\/\/amel-paulukat.com\/wp-content\/uploads\/2025\/11\/Traumatherapie-und-Fibromyalgie3.jpg","inLanguage":"en-US"},{"@type":"WebPage","@id":"https:\/\/amel-paulukat.com\/ganzheitliche-traumatherapie-und-fibromyalgie-trauma-als-moegliche-ursache\/","url":"https:\/\/amel-paulukat.com\/ganzheitliche-traumatherapie-und-fibromyalgie-trauma-als-moegliche-ursache\/","name":"Fibromyalgie & Trauma: EMDR und Traumatherapie als L\u00f6sung - Amel Paulukat","isPartOf":{"@id":"https:\/\/amel-paulukat.com\/#website"},"primaryImageOfPage":{"@id":"https:\/\/amel-paulukat.com\/ganzheitliche-traumatherapie-und-fibromyalgie-trauma-als-moegliche-ursache\/#primaryimage"},"image":{"@id":"https:\/\/amel-paulukat.com\/ganzheitliche-traumatherapie-und-fibromyalgie-trauma-als-moegliche-ursache\/#primaryimage"},"thumbnailUrl":"https:\/\/amel-paulukat.com\/wp-content\/uploads\/2025\/11\/Traumatherapie-und-Fibromyalgie3.jpg","datePublished":"2025-11-17T15:12:27+00:00","description":"Fibromyalgie ohne organische Ursache? Erfahren Sie, wie Trauma chronische Schmerzen ausl\u00f6st und EMDR, Traumaaufstellung & Yoga helfen k\u00f6nnen.","breadcrumb":{"@id":"https:\/\/amel-paulukat.com\/ganzheitliche-traumatherapie-und-fibromyalgie-trauma-als-moegliche-ursache\/#breadcrumb"},"inLanguage":"en-US","potentialAction":[{"@type":"ReadAction","target":["https:\/\/amel-paulukat.com\/ganzheitliche-traumatherapie-und-fibromyalgie-trauma-als-moegliche-ursache\/"]}]},{"@type":"ImageObject","inLanguage":"en-US","@id":"https:\/\/amel-paulukat.com\/ganzheitliche-traumatherapie-und-fibromyalgie-trauma-als-moegliche-ursache\/#primaryimage","url":"https:\/\/amel-paulukat.com\/wp-content\/uploads\/2025\/11\/Traumatherapie-und-Fibromyalgie3.jpg","contentUrl":"https:\/\/amel-paulukat.com\/wp-content\/uploads\/2025\/11\/Traumatherapie-und-Fibromyalgie3.jpg","width":516,"height":516},{"@type":"BreadcrumbList","@id":"https:\/\/amel-paulukat.com\/ganzheitliche-traumatherapie-und-fibromyalgie-trauma-als-moegliche-ursache\/#breadcrumb","itemListElement":[{"@type":"ListItem","position":1,"name":"Home","item":"https:\/\/amel-paulukat.com\/"},{"@type":"ListItem","position":2,"name":"Ganzheitliche Traumatherapie &#038; Fibromyalgie: Trauma als m\u00f6gliche Ursache?"}]},{"@type":"WebSite","@id":"https:\/\/amel-paulukat.com\/#website","url":"https:\/\/amel-paulukat.com\/","name":"Amel Paulukat","description":"Therapeutische Beratung Konfliktl\u00f6sung & Meditation","publisher":{"@id":"https:\/\/amel-paulukat.com\/#\/schema\/person\/cd05944b0f597d1839ccee7266348297"},"potentialAction":[{"@type":"SearchAction","target":{"@type":"EntryPoint","urlTemplate":"https:\/\/amel-paulukat.com\/?s={search_term_string}"},"query-input":{"@type":"PropertyValueSpecification","valueRequired":true,"valueName":"search_term_string"}}],"inLanguage":"en-US"},{"@type":["Person","Organization"],"@id":"https:\/\/amel-paulukat.com\/#\/schema\/person\/cd05944b0f597d1839ccee7266348297","name":"Amel Paulukat","image":{"@type":"ImageObject","inLanguage":"en-US","@id":"https:\/\/amel-paulukat.com\/#\/schema\/person\/image\/","url":"https:\/\/amel-paulukat.com\/wp-content\/uploads\/2020\/05\/Amel-Manai_Logo.png","contentUrl":"https:\/\/amel-paulukat.com\/wp-content\/uploads\/2020\/05\/Amel-Manai_Logo.png","width":507,"height":341,"caption":"Amel Paulukat"},"logo":{"@id":"https:\/\/amel-paulukat.com\/#\/schema\/person\/image\/"},"sameAs":["https:\/\/amel-paulukat.com"],"url":"https:\/\/amel-paulukat.com\/en\/author\/amel\/"}]}},"_links":{"self":[{"href":"https:\/\/amel-paulukat.com\/en\/wp-json\/wp\/v2\/posts\/86402","targetHints":{"allow":["GET"]}}],"collection":[{"href":"https:\/\/amel-paulukat.com\/en\/wp-json\/wp\/v2\/posts"}],"about":[{"href":"https:\/\/amel-paulukat.com\/en\/wp-json\/wp\/v2\/types\/post"}],"author":[{"embeddable":true,"href":"https:\/\/amel-paulukat.com\/en\/wp-json\/wp\/v2\/users\/2"}],"replies":[{"embeddable":true,"href":"https:\/\/amel-paulukat.com\/en\/wp-json\/wp\/v2\/comments?post=86402"}],"version-history":[{"count":3,"href":"https:\/\/amel-paulukat.com\/en\/wp-json\/wp\/v2\/posts\/86402\/revisions"}],"predecessor-version":[{"id":86404,"href":"https:\/\/amel-paulukat.com\/en\/wp-json\/wp\/v2\/posts\/86402\/revisions\/86404"}],"wp:featuredmedia":[{"embeddable":true,"href":"https:\/\/amel-paulukat.com\/en\/wp-json\/wp\/v2\/media\/86408"}],"wp:attachment":[{"href":"https:\/\/amel-paulukat.com\/en\/wp-json\/wp\/v2\/media?parent=86402"}],"wp:term":[{"taxonomy":"category","embeddable":true,"href":"https:\/\/amel-paulukat.com\/en\/wp-json\/wp\/v2\/categories?post=86402"},{"taxonomy":"post_tag","embeddable":true,"href":"https:\/\/amel-paulukat.com\/en\/wp-json\/wp\/v2\/tags?post=86402"}],"curies":[{"name":"wp","href":"https:\/\/api.w.org\/{rel}","templated":true}]}}